{"id":29545,"date":"2026-01-21T08:06:06","date_gmt":"2026-01-21T08:06:06","guid":{"rendered":"https:\/\/www.adparts.com\/?p=29545"},"modified":"2026-01-21T08:07:15","modified_gmt":"2026-01-21T08:07:15","slug":"nuevo-centro-logistico-de-ad-malaga-en-el-pta","status":"publish","type":"post","link":"https:\/\/www.adparts.com\/pt-pt\/nuevo-centro-logistico-de-ad-malaga-en-el-pta\/","title":{"rendered":"Nuevo centro log\u00edstico de AD M\u00e1laga en el PTA"},"content":{"rendered":"<div class=\"@w-xl\/main:top-0 sticky top-(--header-height) z-20 overflow-hidden rounded-[inherit]\">\n<div class=\"text-token-text-secondary bg-token-bg-primary\/80 dark:bg-token-bg-elevated-secondary\/80 z-20 flex w-full items-center justify-between gap-3 px-4 py-3 font-sans text-sm font-normal backdrop-blur-sm sm:px-6\">\n<div class=\"flex min-w-0 items-center gap-2 truncate\">\n<h1 class=\"flex items-center gap-1\">Nuevo centro log\u00edstico de AD M\u00e1laga en el PTA<\/h1>\n<p>&nbsp;<\/p>\n<\/div>\n<p><strong>AD Parts<\/strong> refuerza su red log\u00edstica en Andaluc\u00eda con la inauguraci\u00f3n del nuevo centro log\u00edstico de <strong>AD M\u00e1laga<\/strong>, una infraestructura clave que marca un antes y un despu\u00e9s en el servicio de distribuci\u00f3n de recambios en la provincia. Ubicado en el Parque Tecnol\u00f3gico de Andaluc\u00eda (PTA), en M\u00e1laga capital, este nuevo almac\u00e9n se convierte en el mayor centro de recambios de la provincia y consolida la apuesta estrat\u00e9gica del grupo por la proximidad, la eficiencia operativa y el apoyo constante al taller profesional.<\/p>\n<p>Con una superficie de<strong> 4.500 metros cuadrados<\/strong>, las nuevas instalaciones han sido dise\u00f1adas para dar respuesta al crecimiento sostenido de la actividad de AD M\u00e1laga y a las crecientes necesidades de los talleres mec\u00e1nicos, de carrocer\u00eda y redes profesionales que conf\u00edan a diario en AD Parts. El objetivo es claro: mejorar la <strong>capacidad log\u00edstica<\/strong>,<strong> optimizar los procesos internos y ofrecer un servicio cada vez m\u00e1s \u00e1gil, fiable y eficaz en toda la provincia.<\/strong><\/p>\n<p>Este nuevo centro log\u00edstico permite a AD M\u00e1laga incrementar de forma notable el volumen de stock disponible, ampliando el surtido de referencias y asegurando una mayor disponibilidad de producto. Para el taller, esto se traduce en menos esperas, mayor seguridad en el suministro y la tranquilidad de contar con el recambio adecuado en el momento preciso. En un entorno donde el tiempo es un factor cr\u00edtico, la rapidez y fiabilidad en la entrega se convierten en una ventaja competitiva clave.<\/p>\n<p>La ubicaci\u00f3n en el PTA no es casual. Se trata de un enclave estrat\u00e9gico, perfectamente conectado con las principales v\u00edas de comunicaci\u00f3n de la provincia, lo que facilita una distribuci\u00f3n m\u00e1s eficiente tanto en la capital como en el resto del territorio malague\u00f1o. Gracias a esta localizaci\u00f3n, AD M\u00e1laga puede optimizar rutas, reducir plazos de entrega y reforzar su capacidad de respuesta ante picos de demanda o necesidades urgentes del taller.<\/p>\n<p>Desde el punto de vista operativo, el nuevo almac\u00e9n incorpora una organizaci\u00f3n log\u00edstica m\u00e1s avanzada, con una gesti\u00f3n optimizada del stock, mayor capacidad de preparaci\u00f3n de pedidos y flujos internos pensados para ganar eficiencia y fiabilidad. Todo ello permite ofrecer un servicio m\u00e1s consistente, alineado con los est\u00e1ndares de calidad de AD Parts y con las expectativas de un mercado cada vez m\u00e1s profesionalizado.<\/p>\n<p>Desde la direcci\u00f3n de la compa\u00f1\u00eda destacan el valor de la\u00a0colaboraci\u00f3n con los talleres malague\u00f1os\u00a0como motor del crecimiento:\u00a0\u201c<em>Los malague\u00f1os nos han acogido con los brazos abiertos y nuestro deber es seguir trabajando con ellos de la mano, entregando en tiempo y forma para que puedan seguir desarrollando su actividad. La confianza es la base de nuestro trabajo<\/em>\u201d, se\u00f1ala su responsable.<\/p>\n<p>Esta inauguraci\u00f3n forma parte de la estrategia global de AD Parts orientada a fortalecer su red de distribuci\u00f3n y a estar cada vez m\u00e1s cerca del cliente. La inversi\u00f3n en infraestructuras log\u00edsticas es una de las palancas clave para garantizar un servicio diferencial, especialmente en un contexto de alta exigencia, donde la disponibilidad inmediata del recambio y el cumplimiento de los plazos son fundamentales para la rentabilidad del taller.<\/p>\n<p>AD M\u00e1laga, con una s\u00f3lida implantaci\u00f3n territorial y una amplia red de delegaciones en la provincia, refuerza as\u00ed su papel como socio de confianza del taller profesional. El nuevo centro log\u00edstico del PTA no solo ampl\u00eda capacidades, sino que tambi\u00e9n refuerza el compromiso de la compa\u00f1\u00eda con el desarrollo del tejido empresarial local, generando empleo, impulsando la actividad y contribuyendo al crecimiento del sector de la posventa.<\/p>\n<p>Desde AD Parts, esta nueva infraestructura se entiende como una inversi\u00f3n a largo plazo, pensada para acompa\u00f1ar la evoluci\u00f3n del mercado y seguir aportando valor real al taller. M\u00e1s stock, mejor log\u00edstica y mayor rapidez se traducen en un mejor servicio, en una relaci\u00f3n m\u00e1s s\u00f3lida con los clientes y en una propuesta de valor cada vez m\u00e1s competitiva.<\/p>\n<p>Con el nuevo almac\u00e9n de AD M\u00e1laga, AD Parts reafirma su compromiso con la excelencia operativa, la cercan\u00eda al cliente y la mejora continua. Un paso adelante que consolida su liderazgo en la distribuci\u00f3n de recambios y que refuerza su misi\u00f3n: ayudar a los talleres a ser m\u00e1s eficientes, rentables y competitivos cada d\u00eda.<\/p>\n<\/div>\n<\/div>\n<div class=\"relative flex min-h-0 w-full flex-1 flex-col self-end\">\n<div class=\"relative flex min-h-0 flex-auto flex-col overflow-hidden border-t transition-colors border-transparent\">\n<section class=\"popover flex h-full w-full flex-col bg-transparent\">\n<section class=\"relative flex min-h-0 flex-auto grow flex-col overflow-hidden\">\n<div class=\"block h-auto\">\n<div class=\"h-full w-full\">\n<div class=\"flex h-full justify-center\">\n<div class=\"z-0 flex w-full flex-col items-center\">\n<div id=\"prosemirror-editor-container\" class=\"relative z-10 flex max-w-full h-fit\">\n<div class=\"_9XkC5G_main z-10 markdown prose dark:prose-invert contain-inline-size focus:outline-hidden bg-transparent ProseMirror\" contenteditable=\"false\" translate=\"no\">\n<p>&nbsp;<\/p>\n<\/div>\n<\/div>\n<\/div>\n<\/div>\n<\/div>\n<\/div>\n<\/section>\n<\/section>\n<\/div>\n<\/div>\n","protected":false},"excerpt":{"rendered":"<p>Nuevo centro log\u00edstico de AD M\u00e1laga en el PTA &nbsp; AD Parts refuerza su red log\u00edstica en Andaluc\u00eda con la inauguraci\u00f3n del nuevo centro log\u00edstico de AD M\u00e1laga, una infraestructura clave que marca un antes y un despu\u00e9s en el servicio de distribuci\u00f3n de recambios en la provincia. Ubicado en el Parque Tecnol\u00f3gico de Andaluc\u00eda [&hellip;]<\/p>\n","protected":false},"author":3,"featured_media":29550,"comment_status":"closed","ping_status":"closed","sticky":false,"template":"","format":"standard","meta":{"site-sidebar-layout":"default","site-content-layout":"","ast-site-content-layout":"default","site-content-style":"default","site-sidebar-style":"default","ast-global-header-display":"","ast-banner-title-visibility":"","ast-main-header-display":"","ast-hfb-above-header-display":"","ast-hfb-below-header-display":"","ast-hfb-mobile-header-display":"","site-post-title":"","ast-breadcrumbs-content":"","ast-featured-img":"","footer-sml-layout":"","ast-disable-related-posts":"","theme-transparent-header-meta":"default","adv-header-id-meta":"","stick-header-meta":"","header-above-stick-meta":"","header-main-stick-meta":"","header-below-stick-meta":"","astra-migrate-meta-layouts":"set","ast-page-background-enabled":"default","ast-page-background-meta":{"desktop":{"background-color":"","background-image":"","background-repeat":"repeat","background-position":"center center","background-size":"auto","background-attachment":"scroll","background-type":"","background-media":"","overlay-type":"","overlay-color":"","overlay-opacity":"","overlay-gradient":""},"tablet":{"background-color":"","background-image":"","background-repeat":"repeat","background-position":"center center","background-size":"auto","background-attachment":"scroll","background-type":"","background-media":"","overlay-type":"","overlay-color":"","overlay-opacity":"","overlay-gradient":""},"mobile":{"background-color":"","background-image":"","background-repeat":"repeat","background-position":"center center","background-size":"auto","background-attachment":"scroll","background-type":"","background-media":"","overlay-type":"","overlay-color":"","overlay-opacity":"","overlay-gradient":""}},"ast-content-background-meta":{"desktop":{"background-color":"var(--ast-global-color-5)","background-image":"","background-repeat":"repeat","background-position":"center center","background-size":"auto","background-attachment":"scroll","background-type":"","background-media":"","overlay-type":"","overlay-color":"","overlay-opacity":"","overlay-gradient":""},"tablet":{"background-color":"var(--ast-global-color-5)","background-image":"","background-repeat":"repeat","background-position":"center center","background-size":"auto","background-attachment":"scroll","background-type":"","background-media":"","overlay-type":"","overlay-color":"","overlay-opacity":"","overlay-gradient":""},"mobile":{"background-color":"var(--ast-global-color-5)","background-image":"","background-repeat":"repeat","background-position":"center center","background-size":"auto","background-attachment":"scroll","background-type":"","background-media":"","overlay-type":"","overlay-color":"","overlay-opacity":"","overlay-gradient":""}},"footnotes":""},"categories":[76],"tags":[153,121,154,117,131],"class_list":["post-29545","post","type-post","status-publish","format-standard","has-post-thumbnail","hentry","category-ad-socios","tag-ad-malaga","tag-ad-parts","tag-malaga","tag-posventa","tag-recambios"],"_links":{"self":[{"href":"https:\/\/www.adparts.com\/pt-pt\/wp-json\/wp\/v2\/posts\/29545","targetHints":{"allow":["GET"]}}],"collection":[{"href":"https:\/\/www.adparts.com\/pt-pt\/wp-json\/wp\/v2\/posts"}],"about":[{"href":"https:\/\/www.adparts.com\/pt-pt\/wp-json\/wp\/v2\/types\/post"}],"author":[{"embeddable":true,"href":"https:\/\/www.adparts.com\/pt-pt\/wp-json\/wp\/v2\/users\/3"}],"replies":[{"embeddable":true,"href":"https:\/\/www.adparts.com\/pt-pt\/wp-json\/wp\/v2\/comments?post=29545"}],"version-history":[{"count":1,"href":"https:\/\/www.adparts.com\/pt-pt\/wp-json\/wp\/v2\/posts\/29545\/revisions"}],"predecessor-version":[{"id":29562,"href":"https:\/\/www.adparts.com\/pt-pt\/wp-json\/wp\/v2\/posts\/29545\/revisions\/29562"}],"wp:featuredmedia":[{"embeddable":true,"href":"https:\/\/www.adparts.com\/pt-pt\/wp-json\/wp\/v2\/media\/29550"}],"wp:attachment":[{"href":"https:\/\/www.adparts.com\/pt-pt\/wp-json\/wp\/v2\/media?parent=29545"}],"wp:term":[{"taxonomy":"category","embeddable":true,"href":"https:\/\/www.adparts.com\/pt-pt\/wp-json\/wp\/v2\/categories?post=29545"},{"taxonomy":"post_tag","embeddable":true,"href":"https:\/\/www.adparts.com\/pt-pt\/wp-json\/wp\/v2\/tags?post=29545"}],"curies":[{"name":"wp","href":"https:\/\/api.w.org\/{rel}","templated":true}]}}