{"id":29699,"date":"2026-04-29T10:43:33","date_gmt":"2026-04-29T10:43:33","guid":{"rendered":"https:\/\/www.adparts.com\/?p=29699"},"modified":"2026-04-29T10:43:33","modified_gmt":"2026-04-29T10:43:33","slug":"ad-penalver-consolida-su-liderazgo-con-el-exito-de-la-viii-feria-de-la-postventa","status":"publish","type":"post","link":"https:\/\/www.adparts.com\/pt-pt\/ad-penalver-consolida-su-liderazgo-con-el-exito-de-la-viii-feria-de-la-postventa\/","title":{"rendered":"AD Pe\u00f1alver consolida su liderazgo con el \u00e9xito de la VIII Feria de la Postventa"},"content":{"rendered":"<p data-path-to-node=\"3\"><b data-path-to-node=\"3\" data-index-in-node=\"0\">La octava edici\u00f3n del certamen, celebrada los pasados 27 y 28 de febrero, reafirma el dinamismo de la red AD Parts y su capacidad de convocatoria, reuniendo a m\u00e1s de 1.200 profesionales del sector.<\/b><\/p>\n<p data-path-to-node=\"4\">La <b data-path-to-node=\"4\" data-index-in-node=\"3\">VIII Feria de la Postventa de la Automoci\u00f3n de AD Pe\u00f1alver<\/b> ha cerrado sus puertas superando todas las expectativas. El evento, que ya es un punto de encuentro imprescindible para el mercado del <i data-path-to-node=\"4\" data-index-in-node=\"197\">aftermarket<\/i>, transform\u00f3 un espacio de m\u00e1s de <b data-path-to-node=\"4\" data-index-in-node=\"242\">2.000 m\u00b2<\/b> en un epicentro de innovaci\u00f3n, networking y transferencia de conocimiento.<\/p>\n<h3 data-path-to-node=\"5\">Cifras de referencia en el sector<\/h3>\n<p data-path-to-node=\"6\">La capacidad de convocatoria de AD Pe\u00f1alver qued\u00f3 patente con la participaci\u00f3n de <b data-path-to-node=\"6\" data-index-in-node=\"82\">68 expositores<\/b>, fabricantes de primer nivel que presentaron las \u00faltimas soluciones tecnol\u00f3gicas para el taller. La feria recibi\u00f3 la visita de <b data-path-to-node=\"6\" data-index-in-node=\"224\">1.230 profesionales<\/b> procedentes de m\u00e1s de <b data-path-to-node=\"6\" data-index-in-node=\"266\">300 talleres<\/b>, subrayando la importancia de estos foros para fortalecer el tejido empresarial de nuestra red.<\/p>\n<h3 data-path-to-node=\"7\">Compromiso con la formaci\u00f3n y el futuro<\/h3>\n<p data-path-to-node=\"8\">Uno de los pilares de esta edici\u00f3n fue el refuerzo del v\u00ednculo entre el mundo acad\u00e9mico y el profesional. La feria cont\u00f3 con la participaci\u00f3n de <b data-path-to-node=\"8\" data-index-in-node=\"145\">14 Institutos de Educaci\u00f3n Secundaria (IES)<\/b> de Automoci\u00f3n de la regi\u00f3n; un total de <b data-path-to-node=\"8\" data-index-in-node=\"229\">300 estudiantes y 50 profesores<\/b> conocieron de primera mano la realidad t\u00e9cnica de un sector en constante evoluci\u00f3n, asegurando el relevo generacional de nuestra industria.<\/p>\n<h3 data-path-to-node=\"9\">Inspiraci\u00f3n y valores con Isidre Esteve<\/h3>\n<p data-path-to-node=\"10\">Como es habitual en los hitos de nuestra red, el evento cont\u00f3 con la presencia de <b data-path-to-node=\"10\" data-index-in-node=\"82\">Isidre Esteve<\/b>, embajador de <b data-path-to-node=\"10\" data-index-in-node=\"110\">AD<\/b>. Su charla inspiradora aport\u00f3 una visi\u00f3n de superaci\u00f3n y profesionalidad que motiv\u00f3 a todos los asistentes, record\u00e1ndonos que la pasi\u00f3n es el motor que mueve nuestra actividad diaria.<\/p>\n<h3 data-path-to-node=\"11\">V\u00eddeo Resumen: Revive la experiencia<\/h3>\n<p data-path-to-node=\"12\">Desde <b data-path-to-node=\"12\" data-index-in-node=\"6\">AD Parts<\/b>, felicitamos a todo el equipo de <b data-path-to-node=\"12\" data-index-in-node=\"48\">AD Pe\u00f1alver<\/b> por la impecable organizaci\u00f3n y el \u00e9xito de estas jornadas.<\/p>\n<p data-path-to-node=\"13\">Te invitamos a ver los mejores momentos del evento en el siguiente v\u00eddeo resumen:<\/p>\n<p data-path-to-node=\"14\">\ud83d\udd17 <b data-path-to-node=\"14\" data-index-in-node=\"3\"><a class=\"ng-star-inserted\" href=\"https:\/\/youtu.be\/M3vilQgy_SM\" target=\"_blank\" rel=\"noopener nofollow\">Ver v\u00eddeo: VIII Feria Postventa AD Pe\u00f1alver<\/a><\/b><\/p>\n","protected":false},"excerpt":{"rendered":"<p>La octava edici\u00f3n del certamen, celebrada los pasados 27 y 28 de febrero, reafirma el dinamismo de la red AD Parts y su capacidad de convocatoria, reuniendo a m\u00e1s de 1.200 profesionales del sector. La VIII Feria de la Postventa de la Automoci\u00f3n de AD Pe\u00f1alver ha cerrado sus puertas superando todas las expectativas. El [&hellip;]<\/p>\n","protected":false},"author":3,"featured_media":29701,"comment_status":"closed","ping_status":"closed","sticky":false,"template":"","format":"standard","meta":{"site-sidebar-layout":"default","site-content-layout":"","ast-site-content-layout":"default","site-content-style":"default","site-sidebar-style":"default","ast-global-header-display":"","ast-banner-title-visibility":"","ast-main-header-display":"","ast-hfb-above-header-display":"","ast-hfb-below-header-display":"","ast-hfb-mobile-header-display":"","site-post-title":"","ast-breadcrumbs-content":"","ast-featured-img":"","footer-sml-layout":"","ast-disable-related-posts":"","theme-transparent-header-meta":"default","adv-header-id-meta":"","stick-header-meta":"","header-above-stick-meta":"","header-main-stick-meta":"","header-below-stick-meta":"","astra-migrate-meta-layouts":"set","ast-page-background-enabled":"default","ast-page-background-meta":{"desktop":{"background-color":"","background-image":"","background-repeat":"repeat","background-position":"center center","background-size":"auto","background-attachment":"scroll","background-type":"","background-media":"","overlay-type":"","overlay-color":"","overlay-opacity":"","overlay-gradient":""},"tablet":{"background-color":"","background-image":"","background-repeat":"repeat","background-position":"center center","background-size":"auto","background-attachment":"scroll","background-type":"","background-media":"","overlay-type":"","overlay-color":"","overlay-opacity":"","overlay-gradient":""},"mobile":{"background-color":"","background-image":"","background-repeat":"repeat","background-position":"center center","background-size":"auto","background-attachment":"scroll","background-type":"","background-media":"","overlay-type":"","overlay-color":"","overlay-opacity":"","overlay-gradient":""}},"ast-content-background-meta":{"desktop":{"background-color":"var(--ast-global-color-5)","background-image":"","background-repeat":"repeat","background-position":"center center","background-size":"auto","background-attachment":"scroll","background-type":"","background-media":"","overlay-type":"","overlay-color":"","overlay-opacity":"","overlay-gradient":""},"tablet":{"background-color":"var(--ast-global-color-5)","background-image":"","background-repeat":"repeat","background-position":"center center","background-size":"auto","background-attachment":"scroll","background-type":"","background-media":"","overlay-type":"","overlay-color":"","overlay-opacity":"","overlay-gradient":""},"mobile":{"background-color":"var(--ast-global-color-5)","background-image":"","background-repeat":"repeat","background-position":"center center","background-size":"auto","background-attachment":"scroll","background-type":"","background-media":"","overlay-type":"","overlay-color":"","overlay-opacity":"","overlay-gradient":""}},"footnotes":""},"categories":[76],"tags":[162,119,163,145,164,117],"class_list":["post-29699","post","type-post","status-publish","format-standard","has-post-thumbnail","hentry","category-ad-socios","tag-ad-penalver","tag-automocion","tag-feria-penalver","tag-isidre-esteve","tag-murcia","tag-posventa"],"_links":{"self":[{"href":"https:\/\/www.adparts.com\/pt-pt\/wp-json\/wp\/v2\/posts\/29699","targetHints":{"allow":["GET"]}}],"collection":[{"href":"https:\/\/www.adparts.com\/pt-pt\/wp-json\/wp\/v2\/posts"}],"about":[{"href":"https:\/\/www.adparts.com\/pt-pt\/wp-json\/wp\/v2\/types\/post"}],"author":[{"embeddable":true,"href":"https:\/\/www.adparts.com\/pt-pt\/wp-json\/wp\/v2\/users\/3"}],"replies":[{"embeddable":true,"href":"https:\/\/www.adparts.com\/pt-pt\/wp-json\/wp\/v2\/comments?post=29699"}],"version-history":[{"count":1,"href":"https:\/\/www.adparts.com\/pt-pt\/wp-json\/wp\/v2\/posts\/29699\/revisions"}],"predecessor-version":[{"id":29700,"href":"https:\/\/www.adparts.com\/pt-pt\/wp-json\/wp\/v2\/posts\/29699\/revisions\/29700"}],"wp:featuredmedia":[{"embeddable":true,"href":"https:\/\/www.adparts.com\/pt-pt\/wp-json\/wp\/v2\/media\/29701"}],"wp:attachment":[{"href":"https:\/\/www.adparts.com\/pt-pt\/wp-json\/wp\/v2\/media?parent=29699"}],"wp:term":[{"taxonomy":"category","embeddable":true,"href":"https:\/\/www.adparts.com\/pt-pt\/wp-json\/wp\/v2\/categories?post=29699"},{"taxonomy":"post_tag","embeddable":true,"href":"https:\/\/www.adparts.com\/pt-pt\/wp-json\/wp\/v2\/tags?post=29699"}],"curies":[{"name":"wp","href":"https:\/\/api.w.org\/{rel}","templated":true}]}}